{"id":2664,"date":"2025-11-04T08:50:56","date_gmt":"2025-11-04T08:50:56","guid":{"rendered":"http:\/\/egerlaender6.de\/?p=2664"},"modified":"2025-11-04T08:52:02","modified_gmt":"2025-11-04T08:52:02","slug":"egerlaender-festmusik","status":"publish","type":"post","link":"http:\/\/egerlaender6.de\/?p=2664","title":{"rendered":"EGERL\u00c4NDER FESTMUSIK VOL.1"},"content":{"rendered":"\n<p>Zum 100. Geburtstag von ERNST MOSCH gab es die <strong>&#8222;EGERL\u00c4NDER FESTMUSIK&#8220;<\/strong><\/p>\n\n\n\n<p>Ein tolles Projekt zusammen mit den Kollegen von &#8222;BlechOut&#8220;, ehem. Kollegen der &#8222;Fidelen M\u00fcnchh\u00e4user&#8220; und der &#8222;Jungen Eifell\u00e4nder Blasmusik&#8220;.<\/p>\n\n\n\n<p>Hier der &#8222;EGERL\u00c4NDER MUSIKANTENMARSCH&#8220; &#8230;&#8230; <\/p>\n\n\n\n<figure class=\"wp-block-video\"><video height=\"478\" style=\"aspect-ratio: 848 \/ 478;\" width=\"848\" controls src=\"http:\/\/egerlaender6.de\/wp-content\/uploads\/2024\/11\/Egerlaender-Musikantenmarsch-BL.mp4\"><\/video><\/figure>\n\n\n\n<p><\/p>\n","protected":false},"excerpt":{"rendered":"<p>Zum 100. Geburtstag von ERNST MOSCH gab es die &#8222;EGERL\u00c4NDER FESTMUSIK&#8220; Ein tolles Projekt zusammen mit den Kollegen von &#8222;BlechOut&#8220;, ehem. Kollegen der &#8222;Fidelen M\u00fcnchh\u00e4user&#8220; und der &#8222;Jungen Eifell\u00e4nder Blasmusik&#8220;. Hier der &#8222;EGERL\u00c4NDER MUSIKANTENMARSCH&#8220; &#8230;&#8230;<\/p>\n","protected":false},"author":1,"featured_media":3086,"comment_status":"open","ping_status":"open","sticky":false,"template":"","format":"standard","meta":{"footnotes":""},"categories":[6],"tags":[],"class_list":["post-2664","post","type-post","status-publish","format-standard","has-post-thumbnail","hentry","category-news"],"_links":{"self":[{"href":"http:\/\/egerlaender6.de\/index.php?rest_route=\/wp\/v2\/posts\/2664","targetHints":{"allow":["GET"]}}],"collection":[{"href":"http:\/\/egerlaender6.de\/index.php?rest_route=\/wp\/v2\/posts"}],"about":[{"href":"http:\/\/egerlaender6.de\/index.php?rest_route=\/wp\/v2\/types\/post"}],"author":[{"embeddable":true,"href":"http:\/\/egerlaender6.de\/index.php?rest_route=\/wp\/v2\/users\/1"}],"replies":[{"embeddable":true,"href":"http:\/\/egerlaender6.de\/index.php?rest_route=%2Fwp%2Fv2%2Fcomments&post=2664"}],"version-history":[{"count":14,"href":"http:\/\/egerlaender6.de\/index.php?rest_route=\/wp\/v2\/posts\/2664\/revisions"}],"predecessor-version":[{"id":3085,"href":"http:\/\/egerlaender6.de\/index.php?rest_route=\/wp\/v2\/posts\/2664\/revisions\/3085"}],"wp:featuredmedia":[{"embeddable":true,"href":"http:\/\/egerlaender6.de\/index.php?rest_route=\/wp\/v2\/media\/3086"}],"wp:attachment":[{"href":"http:\/\/egerlaender6.de\/index.php?rest_route=%2Fwp%2Fv2%2Fmedia&parent=2664"}],"wp:term":[{"taxonomy":"category","embeddable":true,"href":"http:\/\/egerlaender6.de\/index.php?rest_route=%2Fwp%2Fv2%2Fcategories&post=2664"},{"taxonomy":"post_tag","embeddable":true,"href":"http:\/\/egerlaender6.de\/index.php?rest_route=%2Fwp%2Fv2%2Ftags&post=2664"}],"curies":[{"name":"wp","href":"https:\/\/api.w.org\/{rel}","templated":true}]}}